{"id":1263,"date":"2025-03-13T14:08:29","date_gmt":"2025-03-13T13:08:29","guid":{"rendered":"https:\/\/www.internal.pl\/?p=1263"},"modified":"2026-02-11T09:41:38","modified_gmt":"2026-02-11T08:41:38","slug":"rozbudowa-budynku-pum-w-szczecinie-o-wytwornie-farmaceutyczna-oraz-bank-tkanek-i-komorek","status":"publish","type":"post","link":"https:\/\/www.internal.pl\/en\/rozbudowa-budynku-pum-w-szczecinie-o-wytwornie-farmaceutyczna-oraz-bank-tkanek-i-komorek\/","title":{"rendered":"Expansion of the PUM building in Szczecin with a Pharmaceutical Plant and a Tissue and Cell Bank"},"content":{"rendered":"<style id=\"kb-rowlayout_4ff1c2-1c\">@media all and (min-width: 768px){#kt-layout-id_4ff1c2-1c > .kt-row-column-wrap > .inner-column-1{flex:0 1 65%;-webkit-flex:0 1 65%;}#kt-layout-id_4ff1c2-1c > .kt-row-column-wrap > .inner-column-2{flex:0 1 35%;-webkit-flex:0 1 35%;}}<\/style>\n<div class=\"wp-block-kadence-rowlayout alignnone\"><div id=\"kt-layout-id_4ff1c2-1c\" class=\"kt-row-layout-inner kt-layout-id_4ff1c2-1c\"><div class=\"kt-row-column-wrap kt-has-2-columns kt-gutter-default kt-v-gutter-default kt-row-valign-top kt-row-layout-equal kt-tab-layout-inherit kt-m-colapse-left-to-right kt-mobile-layout-row  kt-custom-first-width-65  kt-custom-second-width-35\">\n<div class=\"wp-block-kadence-column inner-column-1 kadence-column_d58439-01\"><div class=\"kt-inside-inner-col\">\n<figure class=\"wp-block-image size-full\"><img loading=\"lazy\" decoding=\"async\" width=\"1200\" height=\"800\" src=\"https:\/\/www.internal.pl\/wp-content\/uploads\/2025\/03\/26A6371.jpg\" alt=\"\" class=\"wp-image-1272\"\/><\/figure>\n\n\n\n<figure class=\"wp-block-image size-full\"><img loading=\"lazy\" decoding=\"async\" width=\"1200\" height=\"800\" src=\"https:\/\/www.internal.pl\/wp-content\/uploads\/2025\/03\/26A6370.jpg\" alt=\"\" class=\"wp-image-1273\"\/><\/figure>\n\n\n\n<figure class=\"wp-block-image size-full\"><img loading=\"lazy\" decoding=\"async\" width=\"1200\" height=\"800\" src=\"https:\/\/www.internal.pl\/wp-content\/uploads\/2025\/03\/26A6367.jpg\" alt=\"\" class=\"wp-image-1274\"\/><\/figure>\n\n\n\n<figure class=\"wp-block-image size-full\"><img loading=\"lazy\" decoding=\"async\" width=\"1200\" height=\"800\" src=\"https:\/\/www.internal.pl\/wp-content\/uploads\/2025\/03\/26A6335-1.jpg\" alt=\"\" class=\"wp-image-1277\"\/><\/figure>\n\n\n\n<figure class=\"wp-block-image size-full\"><img loading=\"lazy\" decoding=\"async\" width=\"1000\" height=\"1500\" src=\"https:\/\/www.internal.pl\/wp-content\/uploads\/2025\/03\/26A6330.jpg\" alt=\"\" class=\"wp-image-1278\"\/><\/figure>\n\n\n\n<figure class=\"wp-block-image size-full\"><img loading=\"lazy\" decoding=\"async\" width=\"1200\" height=\"800\" src=\"https:\/\/www.internal.pl\/wp-content\/uploads\/2025\/03\/26A6321.jpg\" alt=\"\" class=\"wp-image-1279\"\/><\/figure>\n\n\n\n<figure class=\"wp-block-image size-full\"><img loading=\"lazy\" decoding=\"async\" width=\"1200\" height=\"800\" src=\"https:\/\/www.internal.pl\/wp-content\/uploads\/2025\/03\/26A6324.jpg\" alt=\"\" class=\"wp-image-1280\"\/><\/figure>\n\n\n\n<figure class=\"wp-block-image size-full\"><img loading=\"lazy\" decoding=\"async\" width=\"1200\" height=\"800\" src=\"https:\/\/www.internal.pl\/wp-content\/uploads\/2025\/03\/26A6351.jpg\" alt=\"\" class=\"wp-image-1281\"\/><\/figure>\n<\/div><\/div>\n\n\n\n<div class=\"wp-block-kadence-column inner-column-2 kadence-column_158671-be\"><div class=\"kt-inside-inner-col\"><style id=\"kb-rowlayout_1351c4-b8\">#kt-layout-id_1351c4-b8{background-color:#f7f7f7;}#kt-layout-id_1351c4-b8 > .kt-row-column-wrap{padding-bottom:24px;padding-left:25px;padding-right:25px;}<\/style>\n<div class=\"wp-block-kadence-rowlayout alignnone\"><div id=\"kt-layout-id_1351c4-b8\" class=\"kt-row-layout-inner kt-row-has-bg kt-layout-id_1351c4-b8\"><div class=\"kt-row-column-wrap kt-has-1-columns kt-gutter-default kt-v-gutter-default kt-row-valign-top kt-row-layout-equal kt-tab-layout-inherit kt-m-colapse-left-to-right kt-mobile-layout-row\">\n<div class=\"wp-block-kadence-column inner-column-1 kadence-column_8c7808-ce\"><div class=\"kt-inside-inner-col\">\n<h2>Expansion of the PUM building in Szczecin with a Pharmaceutical Plant and a Tissue and Cell Bank<\/h2>\n<\/div><\/div>\n<\/div><\/div><\/div>\n\n\n\n<div class=\"wp-block-kadence-rowlayout alignnone\"><div id=\"kt-layout-id_254325-2c\" class=\"kt-row-layout-inner kt-layout-id_254325-2c\"><div class=\"kt-row-column-wrap kt-has-1-columns kt-gutter-default kt-v-gutter-default kt-row-valign-top kt-row-layout-equal kt-tab-layout-inherit kt-m-colapse-left-to-right kt-mobile-layout-row\">\n<div class=\"wp-block-kadence-column inner-column-1 kadence-column_4c49a4-4b\"><div class=\"kt-inside-inner-col\">\n<p>INVESTOR: Pomeranian Medical University in Szczecin<br \/>DESIGN: 2023<br \/>EXECUTED: 2023<br \/>AREA: 130 m<sup>2<\/sup><\/p>\n<p>\u00a0<\/p>\n<p>SCOPE:<\/p>\n<ul>\n<li>building permit design<\/li>\n<li>detailed design<\/li>\n<li>supervision<\/li>\n<\/ul>\n<p>\u00a0<\/p>\n<p>The aim of this investment was to expand the building of the inter-faculty didactic centre no. 3 of the Pomeranian Medical University by adding a Pharmaceutical Factory and a Tissue and Cell Bank. This unique two-story facility, completed under the &#8220;design and build&#8221; formula, required meeting the technological standards of the highest cleanliness classes for clean-room facilities.<\/p>\n<\/div><\/div>\n<\/div><\/div><\/div>\n<\/div><\/div>\n<\/div><\/div><\/div>","protected":false},"excerpt":{"rendered":"<p>Expansion of the PUM building in Szczecin with a Pharmaceutical Plant and a Tissue and Cell Bank INVESTOR: Pomeranian Medical University in SzczecinDESIGN: 2023EXECUTED: 2023AREA: [&hellip;]<\/p>\n","protected":false},"author":4,"featured_media":1276,"comment_status":"open","ping_status":"open","sticky":false,"template":"","format":"standard","meta":{"footnotes":""},"categories":[7,5],"tags":[],"class_list":["post-1263","post","type-post","status-publish","format-standard","has-post-thumbnail","hentry","category-obiekty-komercyjne","category-projekty"],"acf":[],"yoast_head":"<!-- This site is optimized with the Yoast SEO plugin v20.4 - https:\/\/yoast.com\/wordpress\/plugins\/seo\/ -->\n<title>Expansion of the PUM building in Szczecin with a Pharmaceutical Plant and a Tissue and Cell Bank - Internal<\/title>\n<meta name=\"robots\" content=\"index, follow, max-snippet:-1, max-image-preview:large, max-video-preview:-1\" \/>\n<link rel=\"canonical\" href=\"https:\/\/www.internal.pl\/rozbudowa-budynku-pum-w-szczecinie-o-wytwornie-farmaceutyczna-oraz-bank-tkanek-i-komorek\/\" \/>\n<meta property=\"og:locale\" content=\"en_US\" \/>\n<meta property=\"og:type\" content=\"article\" \/>\n<meta property=\"og:title\" content=\"[:pl]Rozbudowa budynku PUM w Szczecinie o Wytw\u00f3rni\u0119 Farmaceutyczn\u0105 oraz Bank Tkanek i Kom\u00f3rek[:en]Expansion of the PUM building in Szczecin with a Pharmaceutical Plant and a Tissue and Cell Bank[:] - Internal\" \/>\n<meta property=\"og:description\" content=\"Expansion of the PUM building in Szczecin with a Pharmaceutical Plant and a Tissue and Cell Bank INVESTOR: Pomeranian Medical University in SzczecinDESIGN: 2023EXECUTED: 2023AREA: [&hellip;]\" \/>\n<meta property=\"og:url\" content=\"https:\/\/www.internal.pl\/rozbudowa-budynku-pum-w-szczecinie-o-wytwornie-farmaceutyczna-oraz-bank-tkanek-i-komorek\/\" \/>\n<meta property=\"og:site_name\" content=\"Internal\" \/>\n<meta property=\"article:published_time\" content=\"2025-03-13T13:08:29+00:00\" \/>\n<meta property=\"article:modified_time\" content=\"2026-02-11T08:41:38+00:00\" \/>\n<meta property=\"og:image\" content=\"https:\/\/www.internal.pl\/wp-content\/uploads\/2025\/03\/26A6335.jpg\" \/>\n\t<meta property=\"og:image:width\" content=\"1200\" \/>\n\t<meta property=\"og:image:height\" content=\"800\" \/>\n\t<meta property=\"og:image:type\" content=\"image\/jpeg\" \/>\n<meta name=\"author\" content=\"aleksandra_mierzwa\" \/>\n<meta name=\"twitter:card\" content=\"summary_large_image\" \/>\n<meta name=\"twitter:label1\" content=\"Written by\" \/>\n\t<meta name=\"twitter:data1\" content=\"aleksandra_mierzwa\" \/>\n\t<meta name=\"twitter:label2\" content=\"Est. reading time\" \/>\n\t<meta name=\"twitter:data2\" content=\"3 minutes\" \/>\n<script type=\"application\/ld+json\" class=\"yoast-schema-graph\">{\"@context\":\"https:\/\/schema.org\",\"@graph\":[{\"@type\":\"WebPage\",\"@id\":\"https:\/\/www.internal.pl\/rozbudowa-budynku-pum-w-szczecinie-o-wytwornie-farmaceutyczna-oraz-bank-tkanek-i-komorek\/\",\"url\":\"https:\/\/www.internal.pl\/rozbudowa-budynku-pum-w-szczecinie-o-wytwornie-farmaceutyczna-oraz-bank-tkanek-i-komorek\/\",\"name\":\"[:pl]Rozbudowa budynku PUM w Szczecinie o Wytw\u00f3rni\u0119 Farmaceutyczn\u0105 oraz Bank Tkanek i Kom\u00f3rek[:en]Expansion of the PUM building in Szczecin with a Pharmaceutical Plant and a Tissue and Cell Bank[:] - Internal\",\"isPartOf\":{\"@id\":\"https:\/\/www.internal.pl\/#website\"},\"datePublished\":\"2025-03-13T13:08:29+00:00\",\"dateModified\":\"2026-02-11T08:41:38+00:00\",\"author\":{\"@id\":\"https:\/\/www.internal.pl\/#\/schema\/person\/7548304ef8b168038c4bac91ac426270\"},\"breadcrumb\":{\"@id\":\"https:\/\/www.internal.pl\/rozbudowa-budynku-pum-w-szczecinie-o-wytwornie-farmaceutyczna-oraz-bank-tkanek-i-komorek\/#breadcrumb\"},\"inLanguage\":\"en-US\",\"potentialAction\":[{\"@type\":\"ReadAction\",\"target\":[\"https:\/\/www.internal.pl\/rozbudowa-budynku-pum-w-szczecinie-o-wytwornie-farmaceutyczna-oraz-bank-tkanek-i-komorek\/\"]}]},{\"@type\":\"BreadcrumbList\",\"@id\":\"https:\/\/www.internal.pl\/rozbudowa-budynku-pum-w-szczecinie-o-wytwornie-farmaceutyczna-oraz-bank-tkanek-i-komorek\/#breadcrumb\",\"itemListElement\":[{\"@type\":\"ListItem\",\"position\":1,\"name\":\"Strona g\u0142\u00f3wna\",\"item\":\"https:\/\/www.internal.pl\/\"},{\"@type\":\"ListItem\",\"position\":2,\"name\":\"Rozbudowa budynku PUM w Szczecinie o Wytw\u00f3rni\u0119 Farmaceutyczn\u0105 oraz Bank Tkanek i Kom\u00f3rek\"}]},{\"@type\":\"WebSite\",\"@id\":\"https:\/\/www.internal.pl\/#website\",\"url\":\"https:\/\/www.internal.pl\/\",\"name\":\"Internal\",\"description\":\"\",\"potentialAction\":[{\"@type\":\"SearchAction\",\"target\":{\"@type\":\"EntryPoint\",\"urlTemplate\":\"https:\/\/www.internal.pl\/?s={search_term_string}\"},\"query-input\":\"required name=search_term_string\"}],\"inLanguage\":\"en-US\"},{\"@type\":\"Person\",\"@id\":\"https:\/\/www.internal.pl\/#\/schema\/person\/7548304ef8b168038c4bac91ac426270\",\"name\":\"aleksandra_mierzwa\"}]}<\/script>\n<!-- \/ Yoast SEO plugin. -->","yoast_head_json":{"title":"[:pl]Rozbudowa budynku PUM w Szczecinie o Wytw\u00f3rni\u0119 Farmaceutyczn\u0105 oraz Bank Tkanek i Kom\u00f3rek[:en]Expansion of the PUM building in Szczecin with a Pharmaceutical Plant and a Tissue and Cell Bank[:] - Internal","robots":{"index":"index","follow":"follow","max-snippet":"max-snippet:-1","max-image-preview":"max-image-preview:large","max-video-preview":"max-video-preview:-1"},"canonical":"https:\/\/www.internal.pl\/rozbudowa-budynku-pum-w-szczecinie-o-wytwornie-farmaceutyczna-oraz-bank-tkanek-i-komorek\/","og_locale":"en_US","og_type":"article","og_title":"[:pl]Rozbudowa budynku PUM w Szczecinie o Wytw\u00f3rni\u0119 Farmaceutyczn\u0105 oraz Bank Tkanek i Kom\u00f3rek[:en]Expansion of the PUM building in Szczecin with a Pharmaceutical Plant and a Tissue and Cell Bank[:] - Internal","og_description":"Expansion of the PUM building in Szczecin with a Pharmaceutical Plant and a Tissue and Cell Bank INVESTOR: Pomeranian Medical University in SzczecinDESIGN: 2023EXECUTED: 2023AREA: [&hellip;]","og_url":"https:\/\/www.internal.pl\/rozbudowa-budynku-pum-w-szczecinie-o-wytwornie-farmaceutyczna-oraz-bank-tkanek-i-komorek\/","og_site_name":"Internal","article_published_time":"2025-03-13T13:08:29+00:00","article_modified_time":"2026-02-11T08:41:38+00:00","og_image":[{"width":1200,"height":800,"url":"https:\/\/www.internal.pl\/wp-content\/uploads\/2025\/03\/26A6335.jpg","type":"image\/jpeg"}],"author":"aleksandra_mierzwa","twitter_card":"summary_large_image","twitter_misc":{"Written by":"aleksandra_mierzwa","Est. reading time":"3 minutes"},"schema":{"@context":"https:\/\/schema.org","@graph":[{"@type":"WebPage","@id":"https:\/\/www.internal.pl\/rozbudowa-budynku-pum-w-szczecinie-o-wytwornie-farmaceutyczna-oraz-bank-tkanek-i-komorek\/","url":"https:\/\/www.internal.pl\/rozbudowa-budynku-pum-w-szczecinie-o-wytwornie-farmaceutyczna-oraz-bank-tkanek-i-komorek\/","name":"[:pl]Rozbudowa budynku PUM w Szczecinie o Wytw\u00f3rni\u0119 Farmaceutyczn\u0105 oraz Bank Tkanek i Kom\u00f3rek[:en]Expansion of the PUM building in Szczecin with a Pharmaceutical Plant and a Tissue and Cell Bank[:] - Internal","isPartOf":{"@id":"https:\/\/www.internal.pl\/#website"},"datePublished":"2025-03-13T13:08:29+00:00","dateModified":"2026-02-11T08:41:38+00:00","author":{"@id":"https:\/\/www.internal.pl\/#\/schema\/person\/7548304ef8b168038c4bac91ac426270"},"breadcrumb":{"@id":"https:\/\/www.internal.pl\/rozbudowa-budynku-pum-w-szczecinie-o-wytwornie-farmaceutyczna-oraz-bank-tkanek-i-komorek\/#breadcrumb"},"inLanguage":"en-US","potentialAction":[{"@type":"ReadAction","target":["https:\/\/www.internal.pl\/rozbudowa-budynku-pum-w-szczecinie-o-wytwornie-farmaceutyczna-oraz-bank-tkanek-i-komorek\/"]}]},{"@type":"BreadcrumbList","@id":"https:\/\/www.internal.pl\/rozbudowa-budynku-pum-w-szczecinie-o-wytwornie-farmaceutyczna-oraz-bank-tkanek-i-komorek\/#breadcrumb","itemListElement":[{"@type":"ListItem","position":1,"name":"Strona g\u0142\u00f3wna","item":"https:\/\/www.internal.pl\/"},{"@type":"ListItem","position":2,"name":"Rozbudowa budynku PUM w Szczecinie o Wytw\u00f3rni\u0119 Farmaceutyczn\u0105 oraz Bank Tkanek i Kom\u00f3rek"}]},{"@type":"WebSite","@id":"https:\/\/www.internal.pl\/#website","url":"https:\/\/www.internal.pl\/","name":"Internal","description":"","potentialAction":[{"@type":"SearchAction","target":{"@type":"EntryPoint","urlTemplate":"https:\/\/www.internal.pl\/?s={search_term_string}"},"query-input":"required name=search_term_string"}],"inLanguage":"en-US"},{"@type":"Person","@id":"https:\/\/www.internal.pl\/#\/schema\/person\/7548304ef8b168038c4bac91ac426270","name":"aleksandra_mierzwa"}]}},"_links":{"self":[{"href":"https:\/\/www.internal.pl\/en\/wp-json\/wp\/v2\/posts\/1263","targetHints":{"allow":["GET"]}}],"collection":[{"href":"https:\/\/www.internal.pl\/en\/wp-json\/wp\/v2\/posts"}],"about":[{"href":"https:\/\/www.internal.pl\/en\/wp-json\/wp\/v2\/types\/post"}],"author":[{"embeddable":true,"href":"https:\/\/www.internal.pl\/en\/wp-json\/wp\/v2\/users\/4"}],"replies":[{"embeddable":true,"href":"https:\/\/www.internal.pl\/en\/wp-json\/wp\/v2\/comments?post=1263"}],"version-history":[{"count":6,"href":"https:\/\/www.internal.pl\/en\/wp-json\/wp\/v2\/posts\/1263\/revisions"}],"predecessor-version":[{"id":1338,"href":"https:\/\/www.internal.pl\/en\/wp-json\/wp\/v2\/posts\/1263\/revisions\/1338"}],"wp:featuredmedia":[{"embeddable":true,"href":"https:\/\/www.internal.pl\/en\/wp-json\/wp\/v2\/media\/1276"}],"wp:attachment":[{"href":"https:\/\/www.internal.pl\/en\/wp-json\/wp\/v2\/media?parent=1263"}],"wp:term":[{"taxonomy":"category","embeddable":true,"href":"https:\/\/www.internal.pl\/en\/wp-json\/wp\/v2\/categories?post=1263"},{"taxonomy":"post_tag","embeddable":true,"href":"https:\/\/www.internal.pl\/en\/wp-json\/wp\/v2\/tags?post=1263"}],"curies":[{"name":"wp","href":"https:\/\/api.w.org\/{rel}","templated":true}]}}